{"id":711,"date":"2016-09-01T08:28:04","date_gmt":"2016-09-01T06:28:04","guid":{"rendered":"https:\/\/elainekonopka.com\/fr\/?p=711"},"modified":"2016-09-06T17:49:57","modified_gmt":"2016-09-06T15:49:57","slug":"peut-nous-apprendre-blues-retour-vacances","status":"publish","type":"post","link":"https:\/\/elainekonopka.com\/fr\/peut-nous-apprendre-blues-retour-vacances\/","title":{"rendered":"Ce que peut nous apprendre le blues du retour de vacances"},"content":{"rendered":"<p>Il y a des chances pour que tu aies d\u00e9j\u00e0 entendu ou lu une version de cette citation du gourou du marketing en ligne, Seth Godin : \u201cAu lieu de vous demander quand auront lieu vos prochaines vacances, il serait peut-\u00eatre bon de mettre en place une vie dont vous n\u2019aurez nul besoin de vous \u00e9chapper.\u201d<\/p>\n<p>Par o\u00f9 commencer dans ce qui ne va pas avec cet \u00e9nonc\u00e9 ? C\u2019est un argument sp\u00e9cieux, mettant sur le m\u00eame plan vacances et \u00e9vasion. Le mot vient du latin <em>vacare<\/em>, \u201c\u00eatre inoccup\u00e9\u201d. \u00catre en vacances ne signifie pas n\u00e9cessairement s\u2019\u00e9vader de quelque chose d\u2019atroce. Il s\u2019agit d\u2019un verbe en soi, d\u2019une action unique \u2013 ne pas \u00eatre occup\u00e9 \u2013 et d\u2019une qu\u00eate tout \u00e0 fait valable. M\u00eame une vie extraordinaire et spontan\u00e9e comportera n\u00e9cessairement quelque \u201coccupation\u201d. Il n\u2019y a rien de mal \u00e0 \u00e7a et rien de mal \u00e0 vouloir faire une pause.<\/p>\n<p>Le probl\u00e8me est que reprendre sa routine peut s\u2019av\u00e9rer un peu difficile. Les gens semblent \u00e9prouver toutes sortes de choses, allant de la m\u00e9lancolie \/ fatigue jusqu\u2019\u00e0 la perte de rep\u00e8res \/ angoisse. Il y a m\u00eame des acronymes pour \u00e7a ! SVP (Syndrome Post-Vacances), ou PTD (Post-Travel Depression = D\u00e9pression Post Voyage) pour les Am\u00e9ricains, ou bien HOAD (HOliday Adjustment Disorder = Troubles d\u2019Adaptation [apr\u00e8s les] Vacances) pour les Britanniques. Il n\u2019y a pourtant aucune maladie \u00e0 gu\u00e9rir ici ; c\u2019est une phase de transition et, comme beaucoup de choses dans la vie, si tu y pr\u00eates attention, tu pourras en apprendre quelque chose d\u2019int\u00e9ressant.<\/p>\n<p>Arriv\u00e9e \u00e0 ce point, je voudrais dire que je suis consciente qu\u2019il faut savoir relativiser. Des billions de personnes sur Terre se pr\u00e9occupent d\u2019abord de leur survie, peu importe le fait de \u201cs\u2019inoccuper\u201d et de s\u2019en sentir bien par la suite. Peut-\u00eatre survis-tu toi-m\u00eame, mais tout juste. Peut-\u00eatre ne prends-tu pas de vacances. Ne m\u2019en veux pas. Ce dont je parle, c\u2019est de la capacit\u00e9 de s\u2019adapter et de pr\u00eater attention, d\u2019\u00e9voluer \u00e0 travers des p\u00e9riodes de changement avec un peu plus de gr\u00e2ce. C\u2019est une pratique utile, que tu viennes de passer deux semaines sur la plage ou deux mois \u00e0 suer dans ton travail quotidien.<\/p>\n<p>Donc, si tu te sens \u00e0 la d\u00e9rive apr\u00e8s ce mois d\u2019ao\u00fbt ou quelque autre changement d\u2019activit\u00e9 ou de rythme, qu\u2019as-tu \u00e0 apprendre ?<\/p>\n<p>&nbsp;<\/p>\n<h5><strong>Accepte l\u2019inconfort <\/strong><\/h5>\n<p>C\u2019est toujours une bonne id\u00e9e, au moins \u00e0 court terme. Ne refoule pas ce que tu ressens. Prends connaissance de ce qui se passe, sans jugement. Essaie de d\u00e9crire pr\u00e9cis\u00e9ment tes pens\u00e9es, tes \u00e9motions, tes sensations. Es-tu triste ? Inquiet de quelque chose ? Souffrant physiquement ? Il ne s\u2019agit pas de complaisance ou de nombrilisme : \u00eatre pr\u00e9cis vis-\u00e0-vis de ce que tu \u00e9prouves t\u2019aidera \u00e0 percevoir sur quels aspects tu pourras faire quelque chose et lesquels tu devras juste permettre d\u2019exister ; ne pas les refouler les laissera suivre leur cours. Alors respire profond\u00e9ment, relaxe ton corps et n\u2019essaie pas de pr\u00e9tendre \u00e0 autre chose pour le moment.<\/p>\n<p>Il se peut qu\u2019il y ait quelque chose que tu redoutes absolument \u00e0 ton retour \u00e0 la vie de tous les jours (un job ? une personne ? un \u00e9v\u00e9nement?). Il se pourrait qu\u2019il y ait un \u00e9l\u00e9ment que tu tiennes vraiment \u00e0 changer, qui <em>a besoin<\/em> de changer pour que tu te sentes bien. Prendre des vacances offre des perspectives \u2013 quand tu es \u201cinoccup\u00e9\u201d, tu envisages les choses avec un regard neuf, y compris ta propre vie. Dans le passage d\u2019une exp\u00e9rience \u00e0 l\u2019autre, certaines choses peuvent ressortir comme n\u2019\u00e9tant plus d\u00e9sir\u00e9es, n\u00e9cessaires, voire acceptables. C\u2019est une occasion de te confronter \u00e0 ce que tu veux transformer, quelque redoutable que cela puisse te para\u00eetre.<\/p>\n<p>&nbsp;<\/p>\n<h5><strong>Observe le d\u00e9but et la fin <\/strong><\/h5>\n<p>Tu fermes un chapitre pour en ouvrir un nouveau. Tu avais une intention, inconsciente peut-\u00eatre, concernant la p\u00e9riode aujourd\u2019hui derri\u00e8re toi (te relaxer, voir des amis, voyager, essayer quelque chose de nouveau). Jette un coup d\u2019\u0153il \u00e0 ce qu\u2019est devenue cette intention. A-t-elle \u00e9t\u00e9 r\u00e9alis\u00e9e ? Comment t\u2019a-t-elle chang\u00e9(e) ? Formule \u00e0 pr\u00e9sent une intention pour la p\u00e9riode \u00e0 venir. Qu\u2019esp\u00e8res-tu ? \u00c0 quels d\u00e9fis te confronter ? Pense \u00e0 ce que tu veux vraiment. Aie conscience que tu commences une nouvelle p\u00e9riode pleine de possibles et d\u2019inconnu (oui, l\u2019inconnu : m\u00eame si tu retournes \u00e0 une certaine routine, tu ne sais jamais ce qui va se passer).<\/p>\n<p>&nbsp;<\/p>\n<h5><strong>D\u00e9veloppe la continuit\u00e9<\/strong><\/h5>\n<p>Identifie les choses, si minimes soient-elles, que tu as faites diff\u00e9remment durant ton temps \u201cinoccup\u00e9\u201d : T\u2019es-tu lev\u00e9(e) plus t\u00f4t, ou plus tard ? As-tu mang\u00e9 diff\u00e9remment ? Moins utilis\u00e9 Internet ? Davantage regard\u00e9 le ciel ? Pass\u00e9 plus de temps seul(e), ou avec certaines personnes ? Peux-tu envisager une fa\u00e7on d\u2019int\u00e9grer ne serait-ce qu\u2019une de ces choses dans ta vie quotidienne ? Il ne s\u2019agit pas de re-cr\u00e9er tes vacances ou de reproduire un \u00e9tat particulier mais de prendre quelque chose de b\u00e9n\u00e9fique que tu as fait pour toi-m\u00eame pour l\u2019embarquer avec toi dans la suite de l\u2019aventure.<\/p>\n<p>&nbsp;<\/p>\n<h5><strong>L\u00e2che prise<\/strong><\/h5>\n<p>J\u2019ai fait un sacr\u00e9 nombre de retraites bouddhistes Zen et l\u2019ai remarqu\u00e9 maintes et maintes fois : apr\u00e8s quelques mois de calme, de m\u00e9ditation et de vie en communaut\u00e9, les participants rentrent chez eux pour se retrouver dans le chaos &#8211; le travail, la circulation, les queues au supermarch\u00e9, les gros titres sinistres des journaux &#8211; entour\u00e9s de leur famille, amis et coll\u00e8gues qui n\u2019ont pas pass\u00e9, eux, leurs jours et leurs nuits sur un coussin \u00e0 laisser d\u00e9filer leurs pens\u00e9es. Les m\u00e9ditateurs demandaient toujours, \u201cComment rester Zen en rentrant chez moi ?\u201d R\u00e9ponse : n\u2019essaie pas de \u201crester\u201d quoi que ce soit. Rien ne reste. Les exp\u00e9riences les plus passionnantes vont et viennent \u2013 tout comme le d\u00e9chirement, l\u2019ennui, l\u2019illumination. La cl\u00e9 est de les vivre pleinement pendant qu\u2019elles arrivent et ensuite de passer \u00e0 autre chose. Sinon, tu resteras scotch\u00e9, arrim\u00e9 aux berges de la rivi\u00e8re tandis que la vie s\u2019\u00e9coule. L\u00e2che prise. C\u2019\u00e9tait si incroyable ! C\u2019\u00e9tait si d\u00e9cevant ! C\u2019\u00e9tait. Le temps passe. Abandonne. Voyage l\u00e9ger.<\/p>\n<p>&nbsp;<\/p>\n<hr \/>\n<p><em>Elaine Konopka est fondatrice de The Attentive Body, qui offre des <a href=\"https:\/\/elainekonopka.com\/fr\/#latest-work\" target=\"_blank\">s\u00e9ances priv\u00e9es<\/a> de conscience corporelle et de\u00a0gestion de la douleur, ainsi que <a href=\"https:\/\/elainekonopka.com\/fr\/#events-and-workshops\" target=\"_blank\">Breath Lab<\/a>, les ateliers de respiration, \u00e0 Paris.<\/em><\/p>\n<p><em>Inscris-toi \u00e0 <a href=\"https:\/\/elainekonopka.com\/fr\/inscrivez-moi-a-lettre-d-info\/\" target=\"_blank\">la newsletter The Attentive Body<\/a> pour recevoir<\/em> <em>le blog d\u2019Elaine, les \u00e9v\u00e9nements, les critiques de livres et bien plus, dans ta messagerie, au d\u00e9but de chaque mois, gratuitement et sans spam.<\/em><\/p>\n","protected":false},"excerpt":{"rendered":"<p>Il y a des chances pour que tu aies d\u00e9j\u00e0 entendu ou lu une version de cette citation du gourou du marketing en ligne, Seth Godin : \u201cAu lieu de&#8230;<\/p>\n","protected":false},"author":3,"featured_media":708,"comment_status":"open","ping_status":"open","sticky":false,"template":"","format":"standard","meta":{"_kad_blocks_custom_css":"","_kad_blocks_head_custom_js":"","_kad_blocks_body_custom_js":"","_kad_blocks_footer_custom_js":"","_exactmetrics_skip_tracking":false,"_exactmetrics_sitenote_active":false,"_exactmetrics_sitenote_note":"","_exactmetrics_sitenote_category":0,"_kadence_starter_templates_imported_post":false,"_kad_post_transparent":"","_kad_post_title":"","_kad_post_layout":"","_kad_post_sidebar_id":"","_kad_post_content_style":"","_kad_post_vertical_padding":"","_kad_post_feature":"","_kad_post_feature_position":"","_kad_post_header":false,"_kad_post_footer":false,"_kad_post_classname":"","footnotes":""},"categories":[29],"tags":[283,274,275,276,286,277,278,282,284,279,280,287,288,285,281],"class_list":["post-711","post","type-post","status-publish","format-standard","has-post-thumbnail","hentry","category-la-vie","tag-au-boulot","tag-back-to-school-fr","tag-back-to-work-fr","tag-blues-fr","tag-deprime","tag-hoad-fr","tag-holiday-fr","tag-la-rentree","tag-le-blues","tag-motivation-fr","tag-ptd-fr","tag-routine","tag-svp","tag-vacances","tag-vacation-fr"],"yoast_head":"<!-- This site is optimized with the Yoast SEO plugin v27.5 - https:\/\/yoast.com\/product\/yoast-seo-wordpress\/ -->\n<title>Ce que peut nous apprendre le blues du retour de vacances - Elaine Konopka<\/title>\n<meta name=\"description\" content=\"Reprendre sa routine apr\u00e8s les vacances peut s\u2019av\u00e9rer un peu difficile, mais si on y pr\u00eates attention, on pourra en apprendre quelque chose d\u2019int\u00e9ressant.\" \/>\n<meta name=\"robots\" content=\"noindex, follow, max-snippet:-1, max-image-preview:large, max-video-preview:-1\" \/>\n<meta property=\"og:locale\" content=\"fr_FR\" \/>\n<meta property=\"og:type\" content=\"article\" \/>\n<meta property=\"og:title\" content=\"Ce que peut nous apprendre le blues du retour de vacances - Elaine Konopka\" \/>\n<meta property=\"og:description\" content=\"Reprendre sa routine apr\u00e8s les vacances peut s\u2019av\u00e9rer un peu difficile, mais si on y pr\u00eates attention, on pourra en apprendre quelque chose d\u2019int\u00e9ressant.\" \/>\n<meta property=\"og:url\" content=\"https:\/\/elainekonopka.com\/fr\/peut-nous-apprendre-blues-retour-vacances\/\" \/>\n<meta property=\"og:site_name\" content=\"Elaine Konopka\" \/>\n<meta property=\"article:publisher\" content=\"https:\/\/www.facebook.com\/pages\/The-Attentive-BodyElaine-Konopka\/403003879879708\" \/>\n<meta property=\"article:published_time\" content=\"2016-09-01T06:28:04+00:00\" \/>\n<meta property=\"article:modified_time\" content=\"2016-09-06T15:49:57+00:00\" \/>\n<meta property=\"og:image\" content=\"https:\/\/elainekonopka.com\/wp-content\/uploads\/2016\/08\/vacation-e1472970890245.jpg\" \/>\n\t<meta property=\"og:image:width\" content=\"350\" \/>\n\t<meta property=\"og:image:height\" content=\"861\" \/>\n\t<meta property=\"og:image:type\" content=\"image\/jpeg\" \/>\n<meta name=\"author\" content=\"Elaine Konopka\" \/>\n<meta name=\"twitter:label1\" content=\"\u00c9crit par\" \/>\n\t<meta name=\"twitter:data1\" content=\"Elaine Konopka\" \/>\n\t<meta name=\"twitter:label2\" content=\"Dur\u00e9e de lecture estim\u00e9e\" \/>\n\t<meta name=\"twitter:data2\" content=\"6 minutes\" \/>\n<script type=\"application\/ld+json\" class=\"yoast-schema-graph\">{\"@context\":\"https:\\\/\\\/schema.org\",\"@graph\":[{\"@type\":\"Article\",\"@id\":\"https:\\\/\\\/elainekonopka.com\\\/fr\\\/peut-nous-apprendre-blues-retour-vacances\\\/#article\",\"isPartOf\":{\"@id\":\"https:\\\/\\\/elainekonopka.com\\\/fr\\\/peut-nous-apprendre-blues-retour-vacances\\\/\"},\"author\":{\"name\":\"Elaine Konopka\",\"@id\":\"https:\\\/\\\/elainekonopka.com\\\/fr\\\/#\\\/schema\\\/person\\\/48068d5127cb4a922e9cd38db0b060d6\"},\"headline\":\"Ce que peut nous apprendre le blues du retour de vacances\",\"datePublished\":\"2016-09-01T06:28:04+00:00\",\"dateModified\":\"2016-09-06T15:49:57+00:00\",\"mainEntityOfPage\":{\"@id\":\"https:\\\/\\\/elainekonopka.com\\\/fr\\\/peut-nous-apprendre-blues-retour-vacances\\\/\"},\"wordCount\":1174,\"commentCount\":0,\"publisher\":{\"@id\":\"https:\\\/\\\/elainekonopka.com\\\/fr\\\/#organization\"},\"image\":{\"@id\":\"https:\\\/\\\/elainekonopka.com\\\/fr\\\/peut-nous-apprendre-blues-retour-vacances\\\/#primaryimage\"},\"thumbnailUrl\":\"https:\\\/\\\/elainekonopka.com\\\/wp-content\\\/uploads\\\/2016\\\/08\\\/vacation-e1472970890245.jpg\",\"keywords\":[\"au boulot\",\"back to school\",\"back to work\",\"blues\",\"d\u00e9prime\",\"HOAD\",\"holiday\",\"la rentr\u00e9e\",\"le blues\",\"motivation\",\"PTD\",\"routine\",\"SVP\",\"vacances\",\"vacation\"],\"articleSection\":[\"La vie\"],\"inLanguage\":\"fr-FR\",\"potentialAction\":[{\"@type\":\"CommentAction\",\"name\":\"Comment\",\"target\":[\"https:\\\/\\\/elainekonopka.com\\\/fr\\\/peut-nous-apprendre-blues-retour-vacances\\\/#respond\"]}]},{\"@type\":\"WebPage\",\"@id\":\"https:\\\/\\\/elainekonopka.com\\\/fr\\\/peut-nous-apprendre-blues-retour-vacances\\\/\",\"url\":\"https:\\\/\\\/elainekonopka.com\\\/fr\\\/peut-nous-apprendre-blues-retour-vacances\\\/\",\"name\":\"Ce que peut nous apprendre le blues du retour de vacances - Elaine Konopka\",\"isPartOf\":{\"@id\":\"https:\\\/\\\/elainekonopka.com\\\/fr\\\/#website\"},\"primaryImageOfPage\":{\"@id\":\"https:\\\/\\\/elainekonopka.com\\\/fr\\\/peut-nous-apprendre-blues-retour-vacances\\\/#primaryimage\"},\"image\":{\"@id\":\"https:\\\/\\\/elainekonopka.com\\\/fr\\\/peut-nous-apprendre-blues-retour-vacances\\\/#primaryimage\"},\"thumbnailUrl\":\"https:\\\/\\\/elainekonopka.com\\\/wp-content\\\/uploads\\\/2016\\\/08\\\/vacation-e1472970890245.jpg\",\"datePublished\":\"2016-09-01T06:28:04+00:00\",\"dateModified\":\"2016-09-06T15:49:57+00:00\",\"description\":\"Reprendre sa routine apr\u00e8s les vacances peut s\u2019av\u00e9rer un peu difficile, mais si on y pr\u00eates attention, on pourra en apprendre quelque chose d\u2019int\u00e9ressant.\",\"breadcrumb\":{\"@id\":\"https:\\\/\\\/elainekonopka.com\\\/fr\\\/peut-nous-apprendre-blues-retour-vacances\\\/#breadcrumb\"},\"inLanguage\":\"fr-FR\",\"potentialAction\":[{\"@type\":\"ReadAction\",\"target\":[\"https:\\\/\\\/elainekonopka.com\\\/fr\\\/peut-nous-apprendre-blues-retour-vacances\\\/\"]}]},{\"@type\":\"ImageObject\",\"inLanguage\":\"fr-FR\",\"@id\":\"https:\\\/\\\/elainekonopka.com\\\/fr\\\/peut-nous-apprendre-blues-retour-vacances\\\/#primaryimage\",\"url\":\"https:\\\/\\\/elainekonopka.com\\\/wp-content\\\/uploads\\\/2016\\\/08\\\/vacation-e1472970890245.jpg\",\"contentUrl\":\"https:\\\/\\\/elainekonopka.com\\\/wp-content\\\/uploads\\\/2016\\\/08\\\/vacation-e1472970890245.jpg\",\"width\":350,\"height\":861,\"caption\":\"Paradise lost: what can we learn from the post-vacation blues?\"},{\"@type\":\"BreadcrumbList\",\"@id\":\"https:\\\/\\\/elainekonopka.com\\\/fr\\\/peut-nous-apprendre-blues-retour-vacances\\\/#breadcrumb\",\"itemListElement\":[{\"@type\":\"ListItem\",\"position\":1,\"name\":\"Home\",\"item\":\"https:\\\/\\\/elainekonopka.com\\\/fr\\\/\"},{\"@type\":\"ListItem\",\"position\":2,\"name\":\"Ce que peut nous apprendre le blues du retour de vacances\"}]},{\"@type\":\"WebSite\",\"@id\":\"https:\\\/\\\/elainekonopka.com\\\/fr\\\/#website\",\"url\":\"https:\\\/\\\/elainekonopka.com\\\/fr\\\/\",\"name\":\"Elaine Konopka\",\"description\":\"Praticienne dipl\u00f4m\u00e9e de la M\u00e9thode Grinberg\u00ae\",\"publisher\":{\"@id\":\"https:\\\/\\\/elainekonopka.com\\\/fr\\\/#organization\"},\"potentialAction\":[{\"@type\":\"SearchAction\",\"target\":{\"@type\":\"EntryPoint\",\"urlTemplate\":\"https:\\\/\\\/elainekonopka.com\\\/fr\\\/?s={search_term_string}\"},\"query-input\":{\"@type\":\"PropertyValueSpecification\",\"valueRequired\":true,\"valueName\":\"search_term_string\"}}],\"inLanguage\":\"fr-FR\"},{\"@type\":\"Organization\",\"@id\":\"https:\\\/\\\/elainekonopka.com\\\/fr\\\/#organization\",\"name\":\"Elaine Konopka\",\"url\":\"https:\\\/\\\/elainekonopka.com\\\/fr\\\/\",\"logo\":{\"@type\":\"ImageObject\",\"inLanguage\":\"fr-FR\",\"@id\":\"https:\\\/\\\/elainekonopka.com\\\/fr\\\/#\\\/schema\\\/logo\\\/image\\\/\",\"url\":\"https:\\\/\\\/elainekonopka.com\\\/wp-content\\\/uploads\\\/2026\\\/01\\\/cropped-new-logo-3.png\",\"contentUrl\":\"https:\\\/\\\/elainekonopka.com\\\/wp-content\\\/uploads\\\/2026\\\/01\\\/cropped-new-logo-3.png\",\"width\":1196,\"height\":205,\"caption\":\"Elaine Konopka\"},\"image\":{\"@id\":\"https:\\\/\\\/elainekonopka.com\\\/fr\\\/#\\\/schema\\\/logo\\\/image\\\/\"},\"sameAs\":[\"https:\\\/\\\/www.facebook.com\\\/pages\\\/The-Attentive-BodyElaine-Konopka\\\/403003879879708\",\"http:\\\/\\\/fr.linkedin.com\\\/in\\\/elainekonopka\",\"https:\\\/\\\/pinterest.com\\\/attentivebody\\\/\"]},{\"@type\":\"Person\",\"@id\":\"https:\\\/\\\/elainekonopka.com\\\/fr\\\/#\\\/schema\\\/person\\\/48068d5127cb4a922e9cd38db0b060d6\",\"name\":\"Elaine Konopka\",\"sameAs\":[\"https:\\\/\\\/elainekonopka.com\"],\"url\":\"https:\\\/\\\/elainekonopka.com\\\/fr\\\/author\\\/elaine\\\/\"}]}<\/script>\n<!-- \/ Yoast SEO plugin. -->","yoast_head_json":{"title":"Ce que peut nous apprendre le blues du retour de vacances - Elaine Konopka","description":"Reprendre sa routine apr\u00e8s les vacances peut s\u2019av\u00e9rer un peu difficile, mais si on y pr\u00eates attention, on pourra en apprendre quelque chose d\u2019int\u00e9ressant.","robots":{"index":"noindex","follow":"follow","max-snippet":"max-snippet:-1","max-image-preview":"max-image-preview:large","max-video-preview":"max-video-preview:-1"},"og_locale":"fr_FR","og_type":"article","og_title":"Ce que peut nous apprendre le blues du retour de vacances - Elaine Konopka","og_description":"Reprendre sa routine apr\u00e8s les vacances peut s\u2019av\u00e9rer un peu difficile, mais si on y pr\u00eates attention, on pourra en apprendre quelque chose d\u2019int\u00e9ressant.","og_url":"https:\/\/elainekonopka.com\/fr\/peut-nous-apprendre-blues-retour-vacances\/","og_site_name":"Elaine Konopka","article_publisher":"https:\/\/www.facebook.com\/pages\/The-Attentive-BodyElaine-Konopka\/403003879879708","article_published_time":"2016-09-01T06:28:04+00:00","article_modified_time":"2016-09-06T15:49:57+00:00","og_image":[{"width":350,"height":861,"url":"https:\/\/elainekonopka.com\/wp-content\/uploads\/2016\/08\/vacation-e1472970890245.jpg","type":"image\/jpeg"}],"author":"Elaine Konopka","twitter_misc":{"\u00c9crit par":"Elaine Konopka","Dur\u00e9e de lecture estim\u00e9e":"6 minutes"},"schema":{"@context":"https:\/\/schema.org","@graph":[{"@type":"Article","@id":"https:\/\/elainekonopka.com\/fr\/peut-nous-apprendre-blues-retour-vacances\/#article","isPartOf":{"@id":"https:\/\/elainekonopka.com\/fr\/peut-nous-apprendre-blues-retour-vacances\/"},"author":{"name":"Elaine Konopka","@id":"https:\/\/elainekonopka.com\/fr\/#\/schema\/person\/48068d5127cb4a922e9cd38db0b060d6"},"headline":"Ce que peut nous apprendre le blues du retour de vacances","datePublished":"2016-09-01T06:28:04+00:00","dateModified":"2016-09-06T15:49:57+00:00","mainEntityOfPage":{"@id":"https:\/\/elainekonopka.com\/fr\/peut-nous-apprendre-blues-retour-vacances\/"},"wordCount":1174,"commentCount":0,"publisher":{"@id":"https:\/\/elainekonopka.com\/fr\/#organization"},"image":{"@id":"https:\/\/elainekonopka.com\/fr\/peut-nous-apprendre-blues-retour-vacances\/#primaryimage"},"thumbnailUrl":"https:\/\/elainekonopka.com\/wp-content\/uploads\/2016\/08\/vacation-e1472970890245.jpg","keywords":["au boulot","back to school","back to work","blues","d\u00e9prime","HOAD","holiday","la rentr\u00e9e","le blues","motivation","PTD","routine","SVP","vacances","vacation"],"articleSection":["La vie"],"inLanguage":"fr-FR","potentialAction":[{"@type":"CommentAction","name":"Comment","target":["https:\/\/elainekonopka.com\/fr\/peut-nous-apprendre-blues-retour-vacances\/#respond"]}]},{"@type":"WebPage","@id":"https:\/\/elainekonopka.com\/fr\/peut-nous-apprendre-blues-retour-vacances\/","url":"https:\/\/elainekonopka.com\/fr\/peut-nous-apprendre-blues-retour-vacances\/","name":"Ce que peut nous apprendre le blues du retour de vacances - Elaine Konopka","isPartOf":{"@id":"https:\/\/elainekonopka.com\/fr\/#website"},"primaryImageOfPage":{"@id":"https:\/\/elainekonopka.com\/fr\/peut-nous-apprendre-blues-retour-vacances\/#primaryimage"},"image":{"@id":"https:\/\/elainekonopka.com\/fr\/peut-nous-apprendre-blues-retour-vacances\/#primaryimage"},"thumbnailUrl":"https:\/\/elainekonopka.com\/wp-content\/uploads\/2016\/08\/vacation-e1472970890245.jpg","datePublished":"2016-09-01T06:28:04+00:00","dateModified":"2016-09-06T15:49:57+00:00","description":"Reprendre sa routine apr\u00e8s les vacances peut s\u2019av\u00e9rer un peu difficile, mais si on y pr\u00eates attention, on pourra en apprendre quelque chose d\u2019int\u00e9ressant.","breadcrumb":{"@id":"https:\/\/elainekonopka.com\/fr\/peut-nous-apprendre-blues-retour-vacances\/#breadcrumb"},"inLanguage":"fr-FR","potentialAction":[{"@type":"ReadAction","target":["https:\/\/elainekonopka.com\/fr\/peut-nous-apprendre-blues-retour-vacances\/"]}]},{"@type":"ImageObject","inLanguage":"fr-FR","@id":"https:\/\/elainekonopka.com\/fr\/peut-nous-apprendre-blues-retour-vacances\/#primaryimage","url":"https:\/\/elainekonopka.com\/wp-content\/uploads\/2016\/08\/vacation-e1472970890245.jpg","contentUrl":"https:\/\/elainekonopka.com\/wp-content\/uploads\/2016\/08\/vacation-e1472970890245.jpg","width":350,"height":861,"caption":"Paradise lost: what can we learn from the post-vacation blues?"},{"@type":"BreadcrumbList","@id":"https:\/\/elainekonopka.com\/fr\/peut-nous-apprendre-blues-retour-vacances\/#breadcrumb","itemListElement":[{"@type":"ListItem","position":1,"name":"Home","item":"https:\/\/elainekonopka.com\/fr\/"},{"@type":"ListItem","position":2,"name":"Ce que peut nous apprendre le blues du retour de vacances"}]},{"@type":"WebSite","@id":"https:\/\/elainekonopka.com\/fr\/#website","url":"https:\/\/elainekonopka.com\/fr\/","name":"Elaine Konopka","description":"Praticienne dipl\u00f4m\u00e9e de la M\u00e9thode Grinberg\u00ae","publisher":{"@id":"https:\/\/elainekonopka.com\/fr\/#organization"},"potentialAction":[{"@type":"SearchAction","target":{"@type":"EntryPoint","urlTemplate":"https:\/\/elainekonopka.com\/fr\/?s={search_term_string}"},"query-input":{"@type":"PropertyValueSpecification","valueRequired":true,"valueName":"search_term_string"}}],"inLanguage":"fr-FR"},{"@type":"Organization","@id":"https:\/\/elainekonopka.com\/fr\/#organization","name":"Elaine Konopka","url":"https:\/\/elainekonopka.com\/fr\/","logo":{"@type":"ImageObject","inLanguage":"fr-FR","@id":"https:\/\/elainekonopka.com\/fr\/#\/schema\/logo\/image\/","url":"https:\/\/elainekonopka.com\/wp-content\/uploads\/2026\/01\/cropped-new-logo-3.png","contentUrl":"https:\/\/elainekonopka.com\/wp-content\/uploads\/2026\/01\/cropped-new-logo-3.png","width":1196,"height":205,"caption":"Elaine Konopka"},"image":{"@id":"https:\/\/elainekonopka.com\/fr\/#\/schema\/logo\/image\/"},"sameAs":["https:\/\/www.facebook.com\/pages\/The-Attentive-BodyElaine-Konopka\/403003879879708","http:\/\/fr.linkedin.com\/in\/elainekonopka","https:\/\/pinterest.com\/attentivebody\/"]},{"@type":"Person","@id":"https:\/\/elainekonopka.com\/fr\/#\/schema\/person\/48068d5127cb4a922e9cd38db0b060d6","name":"Elaine Konopka","sameAs":["https:\/\/elainekonopka.com"],"url":"https:\/\/elainekonopka.com\/fr\/author\/elaine\/"}]}},"taxonomy_info":{"category":[{"value":29,"label":"La vie"}],"post_tag":[{"value":283,"label":"au boulot"},{"value":274,"label":"back to school"},{"value":275,"label":"back to work"},{"value":276,"label":"blues"},{"value":286,"label":"d\u00e9prime"},{"value":277,"label":"HOAD"},{"value":278,"label":"holiday"},{"value":282,"label":"la rentr\u00e9e"},{"value":284,"label":"le blues"},{"value":279,"label":"motivation"},{"value":280,"label":"PTD"},{"value":287,"label":"routine"},{"value":288,"label":"SVP"},{"value":285,"label":"vacances"},{"value":281,"label":"vacation"}]},"featured_image_src_large":["https:\/\/elainekonopka.com\/wp-content\/uploads\/2016\/08\/vacation-e1472970890245-350x290.jpg",350,290,true],"author_info":{"display_name":"Elaine Konopka","author_link":"https:\/\/elainekonopka.com\/fr\/author\/elaine\/"},"comment_info":0,"category_info":[{"term_id":29,"name":"La vie","slug":"la-vie","term_group":0,"term_taxonomy_id":29,"taxonomy":"category","description":"","parent":0,"count":46,"filter":"raw","cat_ID":29,"category_count":46,"category_description":"","cat_name":"La vie","category_nicename":"la-vie","category_parent":0}],"tag_info":[{"term_id":283,"name":"au boulot","slug":"au-boulot","term_group":0,"term_taxonomy_id":283,"taxonomy":"post_tag","description":"","parent":0,"count":1,"filter":"raw"},{"term_id":274,"name":"back to school","slug":"back-to-school-fr","term_group":0,"term_taxonomy_id":274,"taxonomy":"post_tag","description":"","parent":0,"count":1,"filter":"raw"},{"term_id":275,"name":"back to work","slug":"back-to-work-fr","term_group":0,"term_taxonomy_id":275,"taxonomy":"post_tag","description":"","parent":0,"count":1,"filter":"raw"},{"term_id":276,"name":"blues","slug":"blues-fr","term_group":0,"term_taxonomy_id":276,"taxonomy":"post_tag","description":"","parent":0,"count":1,"filter":"raw"},{"term_id":286,"name":"d\u00e9prime","slug":"deprime","term_group":0,"term_taxonomy_id":286,"taxonomy":"post_tag","description":"","parent":0,"count":2,"filter":"raw"},{"term_id":277,"name":"HOAD","slug":"hoad-fr","term_group":0,"term_taxonomy_id":277,"taxonomy":"post_tag","description":"","parent":0,"count":1,"filter":"raw"},{"term_id":278,"name":"holiday","slug":"holiday-fr","term_group":0,"term_taxonomy_id":278,"taxonomy":"post_tag","description":"","parent":0,"count":1,"filter":"raw"},{"term_id":282,"name":"la rentr\u00e9e","slug":"la-rentree","term_group":0,"term_taxonomy_id":282,"taxonomy":"post_tag","description":"","parent":0,"count":1,"filter":"raw"},{"term_id":284,"name":"le blues","slug":"le-blues","term_group":0,"term_taxonomy_id":284,"taxonomy":"post_tag","description":"","parent":0,"count":1,"filter":"raw"},{"term_id":279,"name":"motivation","slug":"motivation-fr","term_group":0,"term_taxonomy_id":279,"taxonomy":"post_tag","description":"","parent":0,"count":1,"filter":"raw"},{"term_id":280,"name":"PTD","slug":"ptd-fr","term_group":0,"term_taxonomy_id":280,"taxonomy":"post_tag","description":"","parent":0,"count":1,"filter":"raw"},{"term_id":287,"name":"routine","slug":"routine","term_group":0,"term_taxonomy_id":287,"taxonomy":"post_tag","description":"","parent":0,"count":1,"filter":"raw"},{"term_id":288,"name":"SVP","slug":"svp","term_group":0,"term_taxonomy_id":288,"taxonomy":"post_tag","description":"","parent":0,"count":1,"filter":"raw"},{"term_id":285,"name":"vacances","slug":"vacances","term_group":0,"term_taxonomy_id":285,"taxonomy":"post_tag","description":"","parent":0,"count":2,"filter":"raw"},{"term_id":281,"name":"vacation","slug":"vacation-fr","term_group":0,"term_taxonomy_id":281,"taxonomy":"post_tag","description":"","parent":0,"count":2,"filter":"raw"}],"_links":{"self":[{"href":"https:\/\/elainekonopka.com\/fr\/wp-json\/wp\/v2\/posts\/711","targetHints":{"allow":["GET"]}}],"collection":[{"href":"https:\/\/elainekonopka.com\/fr\/wp-json\/wp\/v2\/posts"}],"about":[{"href":"https:\/\/elainekonopka.com\/fr\/wp-json\/wp\/v2\/types\/post"}],"author":[{"embeddable":true,"href":"https:\/\/elainekonopka.com\/fr\/wp-json\/wp\/v2\/users\/3"}],"replies":[{"embeddable":true,"href":"https:\/\/elainekonopka.com\/fr\/wp-json\/wp\/v2\/comments?post=711"}],"version-history":[{"count":2,"href":"https:\/\/elainekonopka.com\/fr\/wp-json\/wp\/v2\/posts\/711\/revisions"}],"predecessor-version":[{"id":713,"href":"https:\/\/elainekonopka.com\/fr\/wp-json\/wp\/v2\/posts\/711\/revisions\/713"}],"wp:featuredmedia":[{"embeddable":true,"href":"https:\/\/elainekonopka.com\/fr\/wp-json\/wp\/v2\/media\/708"}],"wp:attachment":[{"href":"https:\/\/elainekonopka.com\/fr\/wp-json\/wp\/v2\/media?parent=711"}],"wp:term":[{"taxonomy":"category","embeddable":true,"href":"https:\/\/elainekonopka.com\/fr\/wp-json\/wp\/v2\/categories?post=711"},{"taxonomy":"post_tag","embeddable":true,"href":"https:\/\/elainekonopka.com\/fr\/wp-json\/wp\/v2\/tags?post=711"}],"curies":[{"name":"wp","href":"https:\/\/api.w.org\/{rel}","templated":true}]}}